[{"@context":"https:\/\/schema.org\/","@type":"Article","@id":"https:\/\/www.unos.sk\/vseobecny-pohlad-na-vyber-moto-prilby-alebo-ktora-je-vhodna-pre-vas\/#Article","mainEntityOfPage":"https:\/\/www.unos.sk\/vseobecny-pohlad-na-vyber-moto-prilby-alebo-ktora-je-vhodna-pre-vas\/","headline":"V\u0161eobecn\u00fd poh\u013ead na v\u00fdber moto prilby alebo ktor\u00e1 je vhodn\u00e1 pre v\u00e1s?","name":"V\u0161eobecn\u00fd poh\u013ead na v\u00fdber moto prilby alebo ktor\u00e1 je vhodn\u00e1 pre v\u00e1s?","description":"O tom, \u017ee moto prilba je d\u00f4le\u017eitou s\u00fa\u010das\u0165ou ka\u017ed\u00e9ho motork\u00e1ra ako aj jeho spolujazdca n\u00e1m nemus\u00ed vravie\u0165 len z\u00e1kon, ale takisto na\u0161a vlastn\u00e1 intu\u00edcia, zodpovednos\u0165 a rozum. D\u00f4le\u017eitos\u0165 t\u00fdchto faktorov ale zn\u00e1sobuj\u00fa takisto \u0161tatistiky, ktor\u00e9 vravia, \u017ee nosenie prilby zabr\u00e1ni zraneniam hlavy a\u017e v 88% pr\u00edpadoch. A vieme, \u017ee pr\u00e1ve oblas\u0165 hlavy je ve\u013emi labiln\u00e1","datePublished":"2019-06-18","dateModified":"2024-02-20","author":{"@type":"Person","@id":"https:\/\/www.unos.sk\/author\/#Person","name":"","url":"https:\/\/www.unos.sk\/author\/","identifier":1,"image":{"@type":"ImageObject","@id":"https:\/\/secure.gravatar.com\/avatar\/232437c79d6ebbb41eb67b1526ce0bc08ee5047d6b1594dc05abcc3258d8e0b3?s=96&d=mm&r=g","url":"https:\/\/secure.gravatar.com\/avatar\/232437c79d6ebbb41eb67b1526ce0bc08ee5047d6b1594dc05abcc3258d8e0b3?s=96&d=mm&r=g","height":96,"width":96}},"publisher":{"@type":"Organization","name":"unos.sk","logo":{"@type":"ImageObject","@id":"\/logo.png","url":"\/logo.png","width":600,"height":60}},"image":{"@type":"ImageObject","@id":"https:\/\/www.unos.sk\/wp-content\/uploads\/img_a304244_w16729_t1565014416.jpg","url":"https:\/\/www.unos.sk\/wp-content\/uploads\/img_a304244_w16729_t1565014416.jpg","height":0,"width":0},"url":"https:\/\/www.unos.sk\/vseobecny-pohlad-na-vyber-moto-prilby-alebo-ktora-je-vhodna-pre-vas\/","about":["Nakupovanie"],"wordCount":375,"articleBody":"   O tom, \u017ee moto prilba je d\u00f4le\u017eitou s\u00fa\u010das\u0165ou ka\u017ed\u00e9ho motork\u00e1ra ako aj jeho spolujazdca n\u00e1m nemus\u00ed vravie\u0165 len z\u00e1kon, ale takisto na\u0161a vlastn\u00e1 intu\u00edcia, zodpovednos\u0165 a rozum. D\u00f4le\u017eitos\u0165 t\u00fdchto faktorov ale zn\u00e1sobuj\u00fa takisto \u0161tatistiky, ktor\u00e9 vravia, \u017ee nosenie prilby zabr\u00e1ni zraneniam hlavy a\u017e v 88% pr\u00edpadoch. A vieme, \u017ee pr\u00e1ve oblas\u0165 hlavy je ve\u013emi labiln\u00e1 a v mnoh\u00fdch pr\u00edpadoch \u017eia\u013e sta\u010d\u00ed m\u00e1lo, aby boli n\u00e1sledky fat\u00e1lne, predov\u0161etk\u00fdm v pr\u00edpade motork\u00e1rov a ne\u0161\u0165astn\u00fdch dopravn\u00fdch neh\u00f4d \u010di p\u00e1dov.Existuj\u00fa preto naozaj siln\u00e9 d\u00f4vody, aby sa mnoh\u00ed motork\u00e1ri rozhodli myslie\u0165 aj na tento ve\u013emi podstatn\u00fd bezpe\u010dnostn\u00fd prvok.  N\u00e1sledne prich\u00e1dza na rad v\u00fdber, ktor\u00fd v\u0161ak nemus\u00ed by\u0165 ani z\u010faleka tak\u00fd priamy \u010di jednoduch\u00fd. S\u00fa\u010dasn\u00fd trh toti\u017e pon\u00faka pomerne \u0161irok\u00e9 spektrum mo\u017enost\u00ed v podobe moto pr\u00edlb, ich r\u00f4znych foriem preveden\u00ed, zna\u010diek, vlastnost\u00ed, pozit\u00edv, negat\u00edv a cien. Sk\u00fasme sa ale na v\u00fdber zamera\u0165 trochu stru\u010dnej\u0161ie.Ak\u00e9 typy pr\u00edlb na motorku pozn\u00e1me? Na sk\u00fater, na \u0161tvorkolku, motokrosov\u00e9, cestn\u00e9 Integr\u00e1lne, otvoren\u00e9, odkl\u00e1pacie, retro M\u00f4\u017eeme sa teda rozhodova\u0165 v prvom rade pod\u013ea toho, ak\u00fd \u0161t\u00fdl jazdy preferujeme, respekt\u00edve ak\u00fa motorku vlastn\u00edme. \u010ealej nezabudnime h\u013eadie\u0165 na materi\u00e1l, funk\u010dnos\u0165, takisto spr\u00e1vnu ve\u013ekos\u0165. Podstatn\u00fa \u00falohu v\u0161ak zohr\u00e1va tie\u017e celkov\u00fd dizajn a cena. Ale ve\u013emi diskutovanou t\u00e9mou je pr\u00e1ve otv\u00e1ranie, pri\u010dom sa rozhodujme medzi integr\u00e1lnou prilbou alebo o nie\u010do komfortnej\u0161\u00edmi, no drah\u0161\u00edmi vykl\u00e1pa\u010dkami s ve\u013emi praktick\u00fdm preveden\u00edm a manipul\u00e1ciou. Kvalitat\u00edvne a funk\u010dne s\u00fa na tom oba typy pomerne rovnako, a teda na vy\u0161\u0161ej \u00farovni. M\u00f4\u017ee \u00eds\u0165 tak o vo\u013ebu pre t\u00fdch, ktor\u00fdch motorka vytiahne o \u010dosi viac. Rozdiel je predov\u0161etk\u00fdm v otv\u00e1ran\u00ed, kedy integr\u00e1lna prilba spo\u013eahlivo pokr\u00fdva cel\u00fa hlavu vr\u00e1tane tv\u00e1re, pri\u010dom odkl\u00e1pacie modely umo\u017e\u0148uj\u00fa praktick\u00fdm sp\u00f4sobom hocikedy vyklopi\u0165 predn\u00fd kryt.                                                                                                                                                                                                                                                                                                                                                                                          4\/5 - (8 votes)        "},{"@context":"https:\/\/schema.org\/","@type":"BreadcrumbList","itemListElement":[{"@type":"ListItem","position":1,"name":"V\u0161eobecn\u00fd poh\u013ead na v\u00fdber moto prilby alebo ktor\u00e1 je vhodn\u00e1 pre v\u00e1s?","item":"https:\/\/www.unos.sk\/vseobecny-pohlad-na-vyber-moto-prilby-alebo-ktora-je-vhodna-pre-vas\/#breadcrumbitem"}]}]