[{"@context":"https:\/\/schema.org\/","@type":"Article","@id":"https:\/\/www.unos.sk\/veda-postavena-na-hlavu\/#Article","mainEntityOfPage":"https:\/\/www.unos.sk\/veda-postavena-na-hlavu\/","headline":"Veda postaven\u00e1 na hlavu","name":"Veda postaven\u00e1 na hlavu","description":"Minulos\u0165 Dnes je pre n\u00e1s takmer samozrejmos\u0165ou, \u017ee n\u00e1m veda odha\u013euje nov\u00e9 obzory a sna\u017e\u00ed sa viac alebo menej \u00faspe\u0161ne vysvetli\u0165 ka\u017ed\u00fd aspekt existencie. M\u00e1me vedcov zaoberaj\u00facich sa materi\u00e1lnym svetom i vedcov sk\u00famaj\u00facich nehmotn\u00e9. Ak \u010dloveka tr\u00e1pi fyzick\u00e9 zdravie, ide k lek\u00e1rovi, v\u0161eobecn\u00e9mu, a ak ho tr\u00e1pi nie\u010do ment\u00e1lnej povahy, z\u00e1jde si k psychiatrovi. Takto","datePublished":"2019-10-06","dateModified":"2024-02-20","author":{"@type":"Person","@id":"https:\/\/www.unos.sk\/author\/#Person","name":"","url":"https:\/\/www.unos.sk\/author\/","identifier":1,"image":{"@type":"ImageObject","@id":"https:\/\/secure.gravatar.com\/avatar\/232437c79d6ebbb41eb67b1526ce0bc08ee5047d6b1594dc05abcc3258d8e0b3?s=96&d=mm&r=g","url":"https:\/\/secure.gravatar.com\/avatar\/232437c79d6ebbb41eb67b1526ce0bc08ee5047d6b1594dc05abcc3258d8e0b3?s=96&d=mm&r=g","height":96,"width":96}},"publisher":{"@type":"Organization","name":"unos.sk","logo":{"@type":"ImageObject","@id":"\/logo.png","url":"\/logo.png","width":600,"height":60}},"image":{"@type":"ImageObject","@id":"https:\/\/www.unos.sk\/wp-content\/uploads\/img_a307473_w16878_t1571842704.jpg","url":"https:\/\/www.unos.sk\/wp-content\/uploads\/img_a307473_w16878_t1571842704.jpg","height":0,"width":0},"url":"https:\/\/www.unos.sk\/veda-postavena-na-hlavu\/","about":["Veda"],"wordCount":426,"articleBody":"Minulos\u0165Dnes je pre n\u00e1s takmer samozrejmos\u0165ou, \u017ee n\u00e1m veda odha\u013euje nov\u00e9 obzory a sna\u017e\u00ed sa viac alebo menej \u00faspe\u0161ne vysvetli\u0165 ka\u017ed\u00fd aspekt existencie. M\u00e1me vedcov zaoberaj\u00facich sa materi\u00e1lnym svetom i vedcov sk\u00famaj\u00facich nehmotn\u00e9. Ak \u010dloveka tr\u00e1pi fyzick\u00e9 zdravie, ide k lek\u00e1rovi, v\u0161eobecn\u00e9mu, a ak ho tr\u00e1pi nie\u010do ment\u00e1lnej povahy, z\u00e1jde si k psychiatrovi. Takto to v\u0161ak v minulosti ur\u010dite nefungovalo. Existovalo nespo\u010detn\u00e9 mno\u017estvo, dnes u\u017e nevedeck\u00fdch, te\u00f3rii o \u010domko\u013evek. Skvel\u00fdm pr\u00edkladom, ktor\u00fd sa sna\u017eil vysvetli\u0165 psychiku pomocou kombin\u00e1cie s fyziologick\u00fdmi znakmi je frenol\u00f3gia. O \u010do so vlastne pok\u00fasila a malo to nejak\u00fd zmysel?Te\u00f3riaJej vznik sa d\u00e1 vystopova\u0165 a\u017e do druhej polovice 18. storo\u010dia. Popularitu si z\u00edskala v rodnom Rak\u00fasku, tu v\u0161ak bola ve\u013emi r\u00fdchlo zak\u00e1zan\u00e1 a tak sa plne rozvinula vo Franc\u00fazsku, Taliansku a v Spojen\u00fdch \u0161t\u00e1toch americk\u00fdch, kde jej bol venovan\u00fd vlastn\u00fd vedeck\u00fd \u010dasopis. Za jej p\u00f4vodcu mo\u017eno pova\u017eova\u0165 Franz-Josepha Galla. Te\u00f3ria by sa dala zhrn\u00fa\u0165 do piatich z\u00e1kladn\u00fdch predpokladov, ktor\u00e9 hovoria, \u017ee mozog je org\u00e1nom mysle, du\u0161evn\u00e9 schopnosti vlohy, tie s\u00fa vroden\u00e9 a maj\u00fa svoje \u0161pecifick\u00e9 miesto na mozgu, ve\u013ekos\u0165 tejto \u010dasti ur\u010duje kvalitu schopnosti a nakoniec, tvar lebky sa odv\u00edja pr\u00e1ve od ve\u013ekosti t\u00fdchto \u010dast\u00ed. V skratke tak vlastne vznikla veda, ktor\u00e1 pod\u013ea tvaru va\u0161ej hlavy predpoveda\u0165 va\u0161e du\u0161evn\u00e9 zdravie, spr\u00e1vanie, pam\u00e4\u0165ov\u00e9 schopnosti a in\u00e9.S\u00fa\u010dasnos\u0165Jedn\u00fdm z jej cie\u013eov, nako\u013eko bola zalo\u017een\u00e1 na empirickom pozorovan\u00ed v\u00e4z\u0148ov a pacientov psychiatrick\u00fdch \u00fastavov, bolo pr\u00e1ve ur\u010di\u0165 dopredu, kto je krimin\u00e1lnikom \u010di bl\u00e1znom. Dlho sa na v\u00fdsln\u00ed v\u0161ak neohriala a u\u017e za\u010diatkom 20. storo\u010dia bola prehl\u00e1sen\u00e1 za pseudovedu a vyvr\u00e1ten\u00e1. Nejak\u00fd zmysel v\u0161ak predsa len mala. My\u0161lienka, \u017ee je mozog rozdelen\u00fd na nieko\u013eko \u010dast\u00ed a ka\u017ed\u00e1 je zodpovedn\u00e1 za in\u00e9 funkcie, je koncept, ktor\u00fd s\u00fa\u010dasn\u00e1 neurol\u00f3gia prevzala pr\u00e1ve od frenol\u00f3gie. A tak hoci je smie\u0161ne tvrdi\u0165, \u017ee je niekto idiot len preto lebo m\u00e1 jeho lebka in\u00fd tvar ako Einsteinova, aj t\u00e1to zauj\u00edmav\u00e1 te\u00f3ria n\u00e1m ukazuje ako sa veda neust\u00e1le vyv\u00edja a \u017ee aj nepravdepodobn\u00fd koncept m\u00f4\u017ee vies\u0165 k u\u017eito\u010dn\u00fdm poznatkom.                                                                                                                                                                                                                                                                                                                                                                                        4.5\/5 - (8 votes)        "},{"@context":"https:\/\/schema.org\/","@type":"BreadcrumbList","itemListElement":[{"@type":"ListItem","position":1,"name":"Veda postaven\u00e1 na hlavu","item":"https:\/\/www.unos.sk\/veda-postavena-na-hlavu\/#breadcrumbitem"}]}]