[{"@context":"https:\/\/schema.org\/","@type":"Article","@id":"https:\/\/www.unos.sk\/probiotika-a-ich-ucinky\/#Article","mainEntityOfPage":"https:\/\/www.unos.sk\/probiotika-a-ich-ucinky\/","headline":"Probiotik\u00e1 a ich \u00fa\u010dinky","name":"Probiotik\u00e1 a ich \u00fa\u010dinky","description":"\u00dalohou tr\u00e1viaceho traktu v \u013eudskom tele je zabezpe\u010di\u0165, aby doch\u00e1dzalo k spr\u00e1vnemu str\u00e1veniu skonzumovan\u00fdch potrav\u00edn. Ke\u010f v\u0161ak nastane ur\u010dit\u00fd probl\u00e9m a potrava sa dobre nestr\u00e1vi, nast\u00e1vaj\u00fa \u017eal\u00fado\u010dn\u00e9 probl\u00e9my, ktor\u00e9 sa \u010dasto prejavuj\u00fa a\u017e vo forme bolest\u00ed. Na prinavr\u00e1tenie dobr\u00e9ho tr\u00e1venia a \u010drevnej pohody sl\u00fa\u017eia probiotik\u00e1, ktor\u00e9 pom\u00e1haj\u00fa odb\u00fara\u0165 boles\u0165 a nepr\u00edjemn\u00e9 pocity. Probiotik\u00e1 dok\u00e1\u017eu rozmno\u017ei\u0165","datePublished":"2021-09-01","dateModified":"2024-02-20","author":{"@type":"Person","@id":"https:\/\/www.unos.sk\/author\/#Person","name":"","url":"https:\/\/www.unos.sk\/author\/","identifier":1,"image":{"@type":"ImageObject","@id":"https:\/\/secure.gravatar.com\/avatar\/232437c79d6ebbb41eb67b1526ce0bc08ee5047d6b1594dc05abcc3258d8e0b3?s=96&d=mm&r=g","url":"https:\/\/secure.gravatar.com\/avatar\/232437c79d6ebbb41eb67b1526ce0bc08ee5047d6b1594dc05abcc3258d8e0b3?s=96&d=mm&r=g","height":96,"width":96}},"publisher":{"@type":"Organization","name":"unos.sk","logo":{"@type":"ImageObject","@id":"\/logo.png","url":"\/logo.png","width":600,"height":60}},"image":{"@type":"ImageObject","@id":"https:\/\/www.unos.sk\/wp-content\/uploads\/spr%C3%A1vne%20fungovanie%20%C4%8Driev.jpg","url":"https:\/\/www.unos.sk\/wp-content\/uploads\/spr%C3%A1vne%20fungovanie%20%C4%8Driev.jpg","height":0,"width":0},"url":"https:\/\/www.unos.sk\/probiotika-a-ich-ucinky\/","about":["Nakupovanie"],"wordCount":392,"articleBody":" \u00dalohou tr\u00e1viaceho traktu v \u013eudskom tele je zabezpe\u010di\u0165, aby doch\u00e1dzalo k spr\u00e1vnemu str\u00e1veniu skonzumovan\u00fdch potrav\u00edn. Ke\u010f v\u0161ak nastane ur\u010dit\u00fd probl\u00e9m a potrava sa dobre nestr\u00e1vi, nast\u00e1vaj\u00fa \u017eal\u00fado\u010dn\u00e9 probl\u00e9my, ktor\u00e9 sa \u010dasto prejavuj\u00fa a\u017e vo forme bolest\u00ed. Na prinavr\u00e1tenie dobr\u00e9ho tr\u00e1venia a \u010drevnej pohody sl\u00fa\u017eia probiotik\u00e1, ktor\u00e9 pom\u00e1haj\u00fa odb\u00fara\u0165 boles\u0165 a nepr\u00edjemn\u00e9 pocity. Probiotik\u00e1 dok\u00e1\u017eu rozmno\u017ei\u0165 dobr\u00e9 bakt\u00e9rie a tie potom pohltia tie zl\u00e9 bakt\u00e9rie a zlep\u0161ia tak \u010drevn\u00fa mikrofl\u00f3ru i tr\u00e1viaci proces.\u010casto sa odpor\u00fa\u010daj\u00fa u\u017e\u00edva\u0165 po chorobe, najm\u00e4 vtedy, ke\u010f v\u00e1m doktor ur\u010dil bra\u0165 antibiotik\u00e1, a to z toho d\u00f4vodu, \u017ee antibiotik\u00e1 svoj\u00edm p\u00f4soben\u00edm zab\u00edjaj\u00fa v\u0161etky bakt\u00e9rie, aj tie dobr\u00e9. Preto by sa mali probiotik\u00e1 u\u017e\u00edva\u0165, aby sa doplnili tie u\u017eito\u010dn\u00e9 bakt\u00e9rie a nepremno\u017eili sa tie negat\u00edvne. Vr\u00e1tane \u010drevn\u00fdch \u0165a\u017ekost\u00ed sa m\u00f4\u017eu zameriava\u0165 aj na \u010fal\u0161ie zdravotn\u00e9 probl\u00e9my, ako napr\u00edklad poko\u017eku, \u017eensk\u00fa vn\u00fatorn\u00fa rovnov\u00e1hu, du\u0161evn\u00e9 zdravie a celkov\u00fa telesn\u00fa imunitu. Taktie\u017e vhodne p\u00f4sobia aj na pam\u00e4\u0165ov\u00e9 schopnosti, mozgov\u00fa \u010dinnos\u0165, zdravie pohlavn\u00fdch org\u00e1nov a elimin\u00e1ciu nepotrebn\u00fdch l\u00e1tok z tela. Probiotik\u00e1 sa vyr\u00e1baj\u00fa aj \u0161peci\u00e1lne pre \u013eud\u00ed, ktor\u00ed ich potrebuj\u00fa pravdepodobne najviac \u2013 ide o jedincov, tr\u00e1piacich sa r\u00f4znymi intoleranciami, naj\u010dastej\u0161ie intoleranciou na mlieko, mlie\u010dne v\u00fdrobky alebo lepok. Tieto probiotik\u00e1 s\u00fa jedine\u010dn\u00e9 pr\u00e1ve t\u00fdm, \u017ee neobsahuj\u00fa \u017eiadny lepok ani lakt\u00f3zu, ktor\u00e1 sa nach\u00e1dza v mlie\u010dnych produktoch. U\u017e\u00edva\u0165 ich tak pokojne m\u00f4\u017eu aj alergici a \u013eudia, ktor\u00fdm dan\u00e9 potraviny sp\u00f4sobuj\u00fa nad\u00favanie a nepr\u00edjemn\u00e9 alergick\u00e9 reakcie.Pokia\u013e sa u v\u00e1s prejavuje niektor\u00fd z pr\u00edznakov tr\u00e1viacej nevo\u013enosti, jednozna\u010dne by ste mali po probiotik\u00e1ch siahnu\u0165. Ak v\u00e1s zauj\u00edma pribli\u017en\u00e1 cena probiot\u00edk, ned\u00e1 sa ur\u010di\u0165 jednotne, preto\u017ee sa odv\u00edja od druhu probiotika, jeho \u00fa\u010delu a ve\u013ekosti balenia. Suma je v\u0161ak ur\u010dite prijate\u013en\u00e1 a financie investovan\u00e9 do zak\u00fapenia sa v\u00e1m ur\u010dite vr\u00e1tia vo forme fyzickej \u00fa\u013eavy od vzniknut\u00fdch zdravotn\u00fdch \u0165a\u017ekost\u00ed.                                                                                                                                                                                                                                                                                                                                                                                          4.3\/5 - (6 votes)        "},{"@context":"https:\/\/schema.org\/","@type":"BreadcrumbList","itemListElement":[{"@type":"ListItem","position":1,"name":"Probiotik\u00e1 a ich \u00fa\u010dinky","item":"https:\/\/www.unos.sk\/probiotika-a-ich-ucinky\/#breadcrumbitem"}]}]