[{"@context":"https:\/\/schema.org\/","@type":"Article","@id":"https:\/\/www.unos.sk\/opatkami-vyzdvihnete-svoju-krasu\/#Article","mainEntityOfPage":"https:\/\/www.unos.sk\/opatkami-vyzdvihnete-svoju-krasu\/","headline":"Op\u00e4tkami vyzdvihnete svoju kr\u00e1su","name":"Op\u00e4tkami vyzdvihnete svoju kr\u00e1su","description":"Ka\u017ed\u00e1 ich m\u00e1 v&nbsp;\u0161atn\u00edku a&nbsp;to nejeden p\u00e1r. \u010ci u\u017e s\u00fa to sand\u00e1le alebo jesenn\u00e9 alebo zimn\u00e9 \u010di\u017emi\u010dky s\u00fa to top\u00e1no\u010dky, s&nbsp;ktor\u00fdmi vyzdvihnete svoju kr\u00e1su. Re\u010d je o&nbsp;top\u00e1nkach, ktor\u00e9 s\u00fa na podp\u00e4tku. Niektor\u00e9 top\u00e1nky maj\u00fa op\u00e4tok vy\u0161\u0161\u00ed in\u00e9 zase o&nbsp;nie\u010do ni\u017e\u0161\u00ed niektor\u00e9 top\u00e1nky maj\u00fa op\u00e4tky mali\u010dk\u00e9. Je jedno ak\u00fd vysok\u00fd op\u00e4tok m\u00e1te, ide o&nbsp;to, \u017ee ke\u010f","datePublished":"2019-08-05","dateModified":"2024-02-20","author":{"@type":"Person","@id":"https:\/\/www.unos.sk\/author\/#Person","name":"","url":"https:\/\/www.unos.sk\/author\/","identifier":1,"image":{"@type":"ImageObject","@id":"https:\/\/secure.gravatar.com\/avatar\/232437c79d6ebbb41eb67b1526ce0bc08ee5047d6b1594dc05abcc3258d8e0b3?s=96&d=mm&r=g","url":"https:\/\/secure.gravatar.com\/avatar\/232437c79d6ebbb41eb67b1526ce0bc08ee5047d6b1594dc05abcc3258d8e0b3?s=96&d=mm&r=g","height":96,"width":96}},"publisher":{"@type":"Organization","name":"unos.sk","logo":{"@type":"ImageObject","@id":"\/logo.png","url":"\/logo.png","width":600,"height":60}},"image":{"@type":"ImageObject","@id":"https:\/\/www.unos.sk\/wp-content\/uploads\/img_a306796_w16878_t1569249497.jpg","url":"https:\/\/www.unos.sk\/wp-content\/uploads\/img_a306796_w16878_t1569249497.jpg","height":0,"width":0},"url":"https:\/\/www.unos.sk\/opatkami-vyzdvihnete-svoju-krasu\/","about":["M\u00f3da"],"wordCount":473,"articleBody":"Ka\u017ed\u00e1 ich m\u00e1 v&nbsp;\u0161atn\u00edku a&nbsp;to nejeden p\u00e1r. \u010ci u\u017e s\u00fa to sand\u00e1le alebo jesenn\u00e9 alebo zimn\u00e9 \u010di\u017emi\u010dky s\u00fa to top\u00e1no\u010dky, s&nbsp;ktor\u00fdmi vyzdvihnete svoju kr\u00e1su. Re\u010d je o&nbsp;top\u00e1nkach, ktor\u00e9 s\u00fa na podp\u00e4tku. Niektor\u00e9 top\u00e1nky maj\u00fa op\u00e4tok vy\u0161\u0161\u00ed in\u00e9 zase o&nbsp;nie\u010do ni\u017e\u0161\u00ed niektor\u00e9 top\u00e1nky maj\u00fa op\u00e4tky mali\u010dk\u00e9. Je jedno ak\u00fd vysok\u00fd op\u00e4tok m\u00e1te, ide o&nbsp;to, \u017ee ke\u010f si \u017eena obuje top\u00e1nky na op\u00e4tku hne\u010f vyzer\u00e1 lep\u0161ie, preto\u017ee sa jej opticky pred\u013a\u017eia nohy.Top\u00e1nky m\u00f4\u017eu ma\u0165 r\u00f4zny op\u00e4tok. Aj si mysl\u00edte, \u017ee by v\u00e1m op\u00e4tok robil probl\u00e9m alebo, \u017ee by v\u00e1s z&nbsp;op\u00e4tkov boleli ve\u013emi nohy nemus\u00edte sa pred\u010dasne strachova\u0165. Na trhu je u\u017e mno\u017estvo top\u00e1nok s&nbsp;op\u00e4tkom a&nbsp;top\u00e1nka je vyroben\u00e1 a&nbsp;prisp\u00f4soben\u00e1 va\u0161ej nohe tak, aby v\u00e1s v&nbsp;nich nohy neboleli. Av\u0161ak je jasn\u00e9, \u017ee akoko\u013evek dobr\u00e9 top\u00e1nky nezabr\u00e1nia tomu, \u017ee po dlh\u0161om \u010dase v\u00e1s aj tak nohy za\u010dn\u00fa na vysok\u00fdch op\u00e4tkoch trochu pobolieva\u0165.Tak ako sme u\u017e vy\u0161\u0161ie spom\u00ednali, nemus\u00edte sa ob\u00e1va\u0165 toho, \u017ee v\u00e1s vo vysok\u00fdch top\u00e1nkach bud\u00fa ve\u013emi bolie\u0165 nohy. N\u00e1vrh\u00e1ri s\u00fa ve\u013emi kreat\u00edvni a&nbsp;u\u017e d\u00e1vno pri\u0161li na trh s&nbsp;top\u00e1nkami na platforme. O&nbsp;\u010do ide, a&nbsp;ako vyzeraj\u00fa tak\u00e1to top\u00e1nky. Top\u00e1nky na platforme ako u\u017e je vidie\u0165 z&nbsp;n\u00e1zvu maj\u00fa op\u00e4tok tak ostatn\u00e9 top\u00e1nky, ale s&nbsp;t\u00fdm rozdielom, \u017ee \u010das\u0165 medzi op\u00e4tkom a&nbsp;podr\u00e1\u017ekou a&nbsp;ostatnou spodnou \u010das\u0165ou top\u00e1nky sa nach\u00e1dza v\u00fdpl\u0148, a&nbsp;tak nestoj\u00edte iba na op\u00e4tku, ale aj na platforme teda na tej celej v\u00fdplni. Top\u00e1nky na platforme nie s\u00fa iba sand\u00e1le, ale aj zimn\u00e9 top\u00e1nky ako \u010di\u017emi\u010dky sa u\u017e tie\u017e vyr\u00e1baj\u00fa na platforme.Pre\u010do by mala ma\u0165 ka\u017ed\u00e1 \u017eena vo svojom \u0161atn\u00edku aspo\u0148 jedny top\u00e1nky na op\u00e4tku? Preto\u017ee top\u00e1nky na op\u00e4tku sa v\u00e1m st\u00e1le z\u00eddu na ak\u00fako\u013evek spolo\u010densk\u00fa udalos\u0165. A&nbsp;ak v\u00e1m to nerob\u00ed probl\u00e9m a&nbsp;top\u00e1nky na op\u00e4tku ste zvyknut\u00e1 nosi\u0165 \u010dastej\u0161ie m\u00f4\u017eete ich nosi\u0165 aj do pr\u00e1ce alebo len tak, ke\u010f idete na k\u00e1vu a&nbsp;top\u00e1nky na op\u00e4tku v\u00e1m kr\u00e1sne pred\u013a\u017eia nohy a&nbsp;vy budete e\u0161te k&nbsp;tomu vyzera\u0165 \u0161t\u00edhlej\u0161ie.                                                                                                                                                                                                                                                                                                                                                                                        3\/5 - (2 votes)        "},{"@context":"https:\/\/schema.org\/","@type":"BreadcrumbList","itemListElement":[{"@type":"ListItem","position":1,"name":"Op\u00e4tkami vyzdvihnete svoju kr\u00e1su","item":"https:\/\/www.unos.sk\/opatkami-vyzdvihnete-svoju-krasu\/#breadcrumbitem"}]}]